{"id":2189,"date":"2017-07-18T14:39:23","date_gmt":"2017-07-18T12:39:23","guid":{"rendered":"http:\/\/www.ingeneric-gmbh.com\/de\/?p=2189"},"modified":"2021-11-05T15:24:26","modified_gmt":"2021-11-05T14:24:26","slug":"rueckschau-messe-muenchen-2017","status":"publish","type":"post","link":"https:\/\/ingeneric.com\/de\/rueckschau-messe-muenchen-2017\/","title":{"rendered":"Spannende Einblicke auf unserem Messestand auf der Laser World of Photonics"},"content":{"rendered":"<p><strong>Aachen, 18.07.2017. Vom 26. bis 29. Juni 2017 hatten wir in M\u00fcnchen auf der f\u00fcr uns letzten aber auch wichtigsten Messe dieses Jahres nochmals Gelegenheit, unser Angebot interessierten Besuchern vorzustellen.<\/strong><\/p>\n<p>Mit einem modernisierten Standdesign und dem thematischen Fokus auf unseren Innovationen insbesondere im Bereich der Mikrolinsen-Arrays lockten wir viele neue Gesichter aber auch langj\u00e4hrige treue Kunden und Gesch\u00e4ftspartner zu aufschlussreichen Gespr\u00e4chen auf unseren Stand. So konnten nicht nur die Besucher uns und unser Portfolio n\u00e4her kennenlernen \u2013 auch f\u00fcr unser Team gab es immer wieder spannende Einblicke, in welch unterschiedlichen Feldern unsere Produkte neuerdings Anwendung finden.<\/p>\n<p>Dass die optischen Technologien zum Beispiel im Bereich Automotive, insbesondere im Trendthema autonomes Fahren, oder auch bei Datenkommunikation, Medizin und Forschung weltweit einen hohen Stellenwert haben, zeigte sich auch in der Teilnehmerstruktur dieser Messe: Aus 90 L\u00e4ndern kamen die Besucher und aus \u00fcber 40 L\u00e4ndern die Aussteller. Die Messe selbst war mit 1293 Ausstellern und 32.000 Fachbesuchern erfolgreicher denn je und auch f\u00fcr INGENERIC war der Auftritt als Aussteller ein voller Erfolg, sodass wir nat\u00fcrlich planen, in zwei Jahren wieder teilzunehmen.<\/p>\n<p>Zun\u00e4chst aber danken wir unseren Besuchern f\u00fcr die freundlichen und interessanten Gespr\u00e4che und freuen uns auf die neuen Projekte, die wir nun mit ihnen zusammen angehen d\u00fcrfen.<\/p>\n","protected":false},"excerpt":{"rendered":"Aachen, 18.07.2017. Vom 26. bis 29. Juni 2017 hatten wir in M\u00fcnchen auf der f\u00fcr uns letzten aber auch wichtigsten Messe dieses Jahres nochmals Gelegenheit, unser Angebot interessierten Besuchern vorzustellen. Mit einem modernisierten Standdesign und dem thematischen Fokus auf unseren Innovationen insbesondere im Bereich der Mikrolinsen-Arrays lockten wir viele neue Gesichter aber auch langj\u00e4hrige treue [&hellip;]","protected":false},"author":4,"featured_media":2191,"comment_status":"open","ping_status":"open","sticky":false,"template":"","format":"standard","meta":{"_acf_changed":false,"footnotes":""},"categories":[10],"tags":[],"class_list":["post-2189","post","type-post","status-publish","format-standard","has-post-thumbnail","hentry","category-unkategorisiert"],"acf":[],"_links":{"self":[{"href":"https:\/\/ingeneric.com\/de\/wp-json\/wp\/v2\/posts\/2189","targetHints":{"allow":["GET"]}}],"collection":[{"href":"https:\/\/ingeneric.com\/de\/wp-json\/wp\/v2\/posts"}],"about":[{"href":"https:\/\/ingeneric.com\/de\/wp-json\/wp\/v2\/types\/post"}],"author":[{"embeddable":true,"href":"https:\/\/ingeneric.com\/de\/wp-json\/wp\/v2\/users\/4"}],"replies":[{"embeddable":true,"href":"https:\/\/ingeneric.com\/de\/wp-json\/wp\/v2\/comments?post=2189"}],"version-history":[{"count":2,"href":"https:\/\/ingeneric.com\/de\/wp-json\/wp\/v2\/posts\/2189\/revisions"}],"predecessor-version":[{"id":4827,"href":"https:\/\/ingeneric.com\/de\/wp-json\/wp\/v2\/posts\/2189\/revisions\/4827"}],"wp:featuredmedia":[{"embeddable":true,"href":"https:\/\/ingeneric.com\/de\/wp-json\/wp\/v2\/media\/2191"}],"wp:attachment":[{"href":"https:\/\/ingeneric.com\/de\/wp-json\/wp\/v2\/media?parent=2189"}],"wp:term":[{"taxonomy":"category","embeddable":true,"href":"https:\/\/ingeneric.com\/de\/wp-json\/wp\/v2\/categories?post=2189"},{"taxonomy":"post_tag","embeddable":true,"href":"https:\/\/ingeneric.com\/de\/wp-json\/wp\/v2\/tags?post=2189"}],"curies":[{"name":"wp","href":"https:\/\/api.w.org\/{rel}","templated":true}]}}